{"id":3602,"date":"2016-11-04T15:45:58","date_gmt":"2016-11-04T14:45:58","guid":{"rendered":"http:\/\/www.kistengruen.de\/wp\/?p=3602"},"modified":"2025-03-03T13:46:56","modified_gmt":"2025-03-03T12:46:56","slug":"physalis-diebe","status":"publish","type":"post","link":"https:\/\/www.kistengruen.de\/wp\/2016\/11\/physalis-diebe\/","title":{"rendered":"Angepickt und abgehauen: Physalis-Diebe auf dem Balkon"},"content":{"rendered":"<p><strong>Auf meinem Balkon treiben derzeit spitzschnabelige R\u00e4uber ihr Unwesen. Sie haben es auf die s\u00fc\u00dfen, leckeren Fr\u00fcchte der Physalis abgesehen, auf die ich mich selbst schon seit Wochen freue. Unversch\u00e4mtheit!<\/strong><!--more--><\/p>\n<div id=\"attachment_3606\" style=\"width: 774px\" class=\"wp-caption aligncenter\"><img loading=\"lazy\" decoding=\"async\" aria-describedby=\"caption-attachment-3606\" class=\"wp-image-3606 size-full\" src=\"http:\/\/www.kistengruen.de\/wp\/wp-content\/uploads\/2016\/10\/Physalis_Abendsonne_Frucht_ckistengruen.jpg\" alt=\"physalis_abendsonne_frucht_ckistengruen\" width=\"764\" height=\"1018\" srcset=\"https:\/\/www.kistengruen.de\/wp\/wp-content\/uploads\/2016\/10\/Physalis_Abendsonne_Frucht_ckistengruen.jpg 764w, https:\/\/www.kistengruen.de\/wp\/wp-content\/uploads\/2016\/10\/Physalis_Abendsonne_Frucht_ckistengruen-225x300.jpg 225w\" sizes=\"auto, (max-width: 764px) 100vw, 764px\" \/><p id=\"caption-attachment-3606\" class=\"wp-caption-text\">Physalis in der herbstlichen Abendsonne.<\/p><\/div>\n<p>Seit sich im Herbstlicht die gr\u00fcnen Kelchbl\u00e4tter der Physalis langsam br\u00e4unlich f\u00e4rben, l\u00e4uft mir beim Rundgang im Balkongarten regelm\u00e4\u00dfig das Wasser im Mund zusammen: Endlich! Die Physalis werden reif! :-)<\/p>\n<p>Morgens und abends zupfe ich vorsichtig an den lampionartigen H\u00fcllen, die die orangefarbenen Beeren sch\u00fctzt. Und wenn die sich ganz leicht von der Pflanze l\u00f6sen lassen, dann ist sie da, die Erntezeit! :-)<\/p>\n<p>Okay, das klingt jetzt alles sehr pathetisch. Aber ich muss gestehen, dass sich die Andenbeeren in den vergangenen Wochen zu meiner Lieblingspflanzen auf dem Balkon entwickelt haben.<\/p>\n<p>&nbsp;<\/p>\n<h5>Erntegl\u00fcck im zweiten Jahr?<\/h5>\n<p>Das liegt sicherlich auch an der Pleite im vergangenen Jahr, als die Physalis erst <a href=\"http:\/\/www.kistengruen.de\/wp\/2015\/10\/kistengruene-woche7\/\" target=\"_blank\">im Oktober (!) ernsthaft zu bl\u00fchen begann<\/a> &#8211; und die Fr\u00fcchte dann erwartungsgem\u00e4\u00df mit dem ersten Frost erfroren. :-(<\/p>\n<p>In diesem Jahr sah es wesentlich besser aus: Schon im Juli<a href=\"http:\/\/www.kistengruen.de\/wp\/2016\/07\/kistengruene-woche-10\/\" target=\"_blank\"> zeigten die beiden Physalis-Pflanzen vielversprechende Ans\u00e4tze<\/a>, die ich seitdem mit Argusaugen beobachte.<\/p>\n<div id=\"attachment_3609\" style=\"width: 774px\" class=\"wp-caption aligncenter\"><img loading=\"lazy\" decoding=\"async\" aria-describedby=\"caption-attachment-3609\" class=\"wp-image-3609 size-full\" src=\"http:\/\/www.kistengruen.de\/wp\/wp-content\/uploads\/2016\/10\/Physalis_Balkon_ckistengruen.jpg\" alt=\"physalis_balkon_ckistengruen\" width=\"764\" height=\"1018\" srcset=\"https:\/\/www.kistengruen.de\/wp\/wp-content\/uploads\/2016\/10\/Physalis_Balkon_ckistengruen.jpg 764w, https:\/\/www.kistengruen.de\/wp\/wp-content\/uploads\/2016\/10\/Physalis_Balkon_ckistengruen-225x300.jpg 225w\" sizes=\"auto, (max-width: 764px) 100vw, 764px\" \/><p id=\"caption-attachment-3609\" class=\"wp-caption-text\">Die Andenkirschen sind in diesem Sommer fast zwei Meter hoch gewachsen und tragen viele Fr\u00fcchte. :-)<\/p><\/div>\n<p>Denn seien wir doch mal ehrlich: Die gekauften Fr\u00fcchte sind in der Regel nie so k\u00f6stlich wie die selbst angebauten! :-)<\/p>\n<p>&nbsp;<\/p>\n<h5>Ganz sch\u00f6n angefressen&#8230;<\/h5>\n<p>Umso entsetzter war ich, als ich mir neulich die kleinen L\u00f6cher in der getrockneten H\u00fclle n\u00e4her anschaute.<\/p>\n<p>Zun\u00e4chst hatte ich mir nichts dabei gedacht, kann ja viele Ursachen haben, so ein Riss im Kelchblatt.<\/p>\n<div id=\"attachment_3611\" style=\"width: 774px\" class=\"wp-caption aligncenter\"><img loading=\"lazy\" decoding=\"async\" aria-describedby=\"caption-attachment-3611\" class=\"wp-image-3611 size-full\" src=\"http:\/\/www.kistengruen.de\/wp\/wp-content\/uploads\/2016\/10\/Physalis_Frucht_angeknabbert_ckistengruen.jpg\" alt=\"physalis_frucht_angeknabbert_ckistengruen\" width=\"764\" height=\"1018\" srcset=\"https:\/\/www.kistengruen.de\/wp\/wp-content\/uploads\/2016\/10\/Physalis_Frucht_angeknabbert_ckistengruen.jpg 764w, https:\/\/www.kistengruen.de\/wp\/wp-content\/uploads\/2016\/10\/Physalis_Frucht_angeknabbert_ckistengruen-225x300.jpg 225w\" sizes=\"auto, (max-width: 764px) 100vw, 764px\" \/><p id=\"caption-attachment-3611\" class=\"wp-caption-text\">Sieht doch eigentlich ganz harmlos aus, oder?<\/p><\/div>\n<p>Von wegen!<\/p>\n<p>Nicht nur die H\u00fclle war besch\u00e4digt, auch die Beere hatte es erwischt!!<\/p>\n<p>Angepickt, aber so was von!!!<\/p>\n<p>Und das nicht nur bei EINER Andenkirsche!!!!<\/p>\n<p>(An dieser Stelle m\u00fcsste ihr euch jetzt ein sehr, sehr w\u00fctendes Emoticon vorstellen.)<\/p>\n<p>!!!<\/p>\n<p>!!!<\/p>\n<p>!!!<\/p>\n<p><strong>UND DANN HABEN DIE NOCH NICHT MAL AUFGEGESSEN!!!!!<\/strong><\/p>\n<div id=\"attachment_3610\" style=\"width: 1028px\" class=\"wp-caption aligncenter\"><img loading=\"lazy\" decoding=\"async\" aria-describedby=\"caption-attachment-3610\" class=\"wp-image-3610 size-full\" src=\"http:\/\/www.kistengruen.de\/wp\/wp-content\/uploads\/2016\/10\/Physalis_Frucht_angepickt_ckistengruen.jpg\" alt=\"physalis_frucht_angepickt_ckistengruen\" width=\"1018\" height=\"764\" srcset=\"https:\/\/www.kistengruen.de\/wp\/wp-content\/uploads\/2016\/10\/Physalis_Frucht_angepickt_ckistengruen.jpg 1018w, https:\/\/www.kistengruen.de\/wp\/wp-content\/uploads\/2016\/10\/Physalis_Frucht_angepickt_ckistengruen-300x225.jpg 300w, https:\/\/www.kistengruen.de\/wp\/wp-content\/uploads\/2016\/10\/Physalis_Frucht_angepickt_ckistengruen-768x576.jpg 768w\" sizes=\"auto, (max-width: 1018px) 100vw, 1018px\" \/><p id=\"caption-attachment-3610\" class=\"wp-caption-text\">Hatte nicht nur dem Aussehen nach was von Halloween, diese angepickte Andenbeere&#8230; Grrrr!<\/p><\/div>\n<p>&nbsp;<\/p>\n<h5>Gefiederte Wiederholungst\u00e4ter<\/h5>\n<p>Ja, ich war nicht gerade erfreut \u00fcber diese Entdeckung.<\/p>\n<p>Dabei m\u00fcsste ich doch inzwischen doch wissen, dass ich gefiederte Mitesser habe, die sich immer mal wieder <a href=\"http:\/\/www.kistengruen.de\/wp\/2014\/12\/mangoldraub\/\" target=\"_blank\">\u00fcber das frische Gr\u00fcn im Balkonkasten hermachen<\/a>.<\/p>\n<p>Vielleicht wollten sie mir auch den dezenten Hinweise geben: Ey, es wird wieder Zeit, dass Du das Futterh\u00e4uschen aufstellst!<\/p>\n<p>Aber ganz ehrlich, das muss ich mir nach dieser Aktion noch ein bisschen \u00fcberlegen. Ich lasse mir doch nicht von ein paar Meisen auf dem Schnabel&#8230; \u00e4h, auf der Nase herumtanzen!<\/p>\n<p>Andererseits: Die paar Fr\u00fcchte, die sie mir dankenswerter Weise zum Naschen \u00fcbriggelassen hatten, waren schon ziemlich lecker&#8230; :-)<\/p>\n<p><img loading=\"lazy\" decoding=\"async\" class=\"aligncenter size-full wp-image-3608\" src=\"http:\/\/www.kistengruen.de\/wp\/wp-content\/uploads\/2016\/10\/Physalis_Ernte_ckistengruen.jpg\" alt=\"physalis_ernte_ckistengruen\" width=\"1018\" height=\"764\" srcset=\"https:\/\/www.kistengruen.de\/wp\/wp-content\/uploads\/2016\/10\/Physalis_Ernte_ckistengruen.jpg 1018w, https:\/\/www.kistengruen.de\/wp\/wp-content\/uploads\/2016\/10\/Physalis_Ernte_ckistengruen-300x225.jpg 300w, https:\/\/www.kistengruen.de\/wp\/wp-content\/uploads\/2016\/10\/Physalis_Ernte_ckistengruen-768x576.jpg 768w\" sizes=\"auto, (max-width: 1018px) 100vw, 1018px\" \/><\/p>\n<p>&nbsp;<\/p>\n<p><em>Dieser Artikel gef\u00e4llt Dir? Das freut mich!\u00a0\ud83d\ude42\u00a0Und ich freue mich, wenn Du ihn mit anderen teilst.\u00a0 Frisches von Kistengr\u00fcn gibt es auch auf\u00a0Twitter,\u00a0bei\u00a0<a href=\"https:\/\/www.facebook.com\/pages\/Kistengr%C3%BCn\/406480216204126\" target=\"_blank\">Facebook<\/a>, <a href=\"https:\/\/plus.google.com\/118178701473611376139\/posts\" target=\"_blank\">Google+<\/a> und <a href=\"https:\/\/de.pinterest.com\/kistengruen\/\" target=\"_blank\">Pinterest<\/a>.<\/em><\/p>\n","protected":false},"excerpt":{"rendered":"<p>Auf meinem Balkon treiben derzeit spitzschnabelige R\u00e4uber ihr Unwesen. Sie haben es auf die s\u00fc\u00dfen, leckeren Fr\u00fcchte der Physalis abgesehen, auf die ich mich selbst schon seit Wochen freue. Unversch\u00e4mtheit!<\/p>\n","protected":false},"author":1,"featured_media":3610,"comment_status":"open","ping_status":"open","sticky":false,"template":"","format":"standard","meta":{"footnotes":""},"categories":[349],"tags":[136],"class_list":["post-3602","post","type-post","status-publish","format-standard","has-post-thumbnail","hentry","category-voegel","tag-physalis"],"yoast_head":"<!-- This site is optimized with the Yoast SEO plugin v28.4 - https:\/\/yoast.com\/product\/yoast-seo-wordpress\/ -->\n<title>Angepickt und abgehauen: Physalis-Diebe auf dem Balkon<\/title>\n<meta name=\"description\" content=\"Auf meinem Balkon treiben derzeit spitzschnabelige R\u00e4uber ihr Unwesen. Sie haben es auf die s\u00fc\u00dfen, leckeren Andenbeeren abgesehen. Unversch\u00e4mtheit!\" \/>\n<meta name=\"robots\" content=\"index, nofollow, max-snippet:-1, max-image-preview:large, max-video-preview:-1\" \/>\n<link rel=\"canonical\" href=\"https:\/\/www.kistengruen.de\/wp\/2016\/11\/physalis-diebe\/\" \/>\n<meta property=\"og:locale\" content=\"de_DE\" \/>\n<meta property=\"og:type\" content=\"article\" \/>\n<meta property=\"og:title\" content=\"Angepickt und abgehauen: Physalis-Diebe auf dem Balkon\" \/>\n<meta property=\"og:description\" content=\"Auf meinem Balkon treiben derzeit spitzschnabelige R\u00e4uber ihr Unwesen. Sie haben es auf die s\u00fc\u00dfen, leckeren Andenbeeren abgesehen. Unversch\u00e4mtheit!\" \/>\n<meta property=\"og:url\" content=\"https:\/\/www.kistengruen.de\/wp\/2016\/11\/physalis-diebe\/\" \/>\n<meta property=\"og:site_name\" content=\"Kistengr\u00fcn\" \/>\n<meta property=\"article:publisher\" content=\"https:\/\/www.facebook.com\/kistengruen\/\" \/>\n<meta property=\"article:author\" content=\"https:\/\/www.facebook.com\/kistengruen\" \/>\n<meta property=\"article:published_time\" content=\"2016-11-04T14:45:58+00:00\" \/>\n<meta property=\"article:modified_time\" content=\"2025-03-03T12:46:56+00:00\" \/>\n<meta property=\"og:image\" content=\"https:\/\/www.kistengruen.de\/wp\/wp-content\/uploads\/2016\/10\/Physalis_Frucht_angepickt_ckistengruen.jpg\" \/>\n\t<meta property=\"og:image:width\" content=\"1018\" \/>\n\t<meta property=\"og:image:height\" content=\"764\" \/>\n\t<meta property=\"og:image:type\" content=\"image\/jpeg\" \/>\n<meta name=\"author\" content=\"Mel\" \/>\n<meta name=\"twitter:card\" content=\"summary_large_image\" \/>\n<meta name=\"twitter:creator\" content=\"@kistengruen\" \/>\n<meta name=\"twitter:site\" content=\"@kistengruen\" \/>\n<meta name=\"twitter:label1\" content=\"Verfasst von\" \/>\n\t<meta name=\"twitter:data1\" content=\"Mel\" \/>\n\t<meta name=\"twitter:label2\" content=\"Gesch\u00e4tzte Lesezeit\" \/>\n\t<meta name=\"twitter:data2\" content=\"3\u00a0Minuten\" \/>\n<script type=\"application\/ld+json\" class=\"yoast-schema-graph\">{\"@context\":\"https:\\\/\\\/schema.org\",\"@graph\":[{\"@type\":\"Article\",\"@id\":\"https:\\\/\\\/www.kistengruen.de\\\/wp\\\/2016\\\/11\\\/physalis-diebe\\\/#article\",\"isPartOf\":{\"@id\":\"https:\\\/\\\/www.kistengruen.de\\\/wp\\\/2016\\\/11\\\/physalis-diebe\\\/\"},\"author\":{\"name\":\"Mel\",\"@id\":\"https:\\\/\\\/www.kistengruen.de\\\/wp\\\/#\\\/schema\\\/person\\\/995d3ab5616552deb8812d6b8d79895a\"},\"headline\":\"Angepickt und abgehauen: Physalis-Diebe auf dem Balkon\",\"datePublished\":\"2016-11-04T14:45:58+00:00\",\"dateModified\":\"2025-03-03T12:46:56+00:00\",\"mainEntityOfPage\":{\"@id\":\"https:\\\/\\\/www.kistengruen.de\\\/wp\\\/2016\\\/11\\\/physalis-diebe\\\/\"},\"wordCount\":533,\"commentCount\":1,\"publisher\":{\"@id\":\"https:\\\/\\\/www.kistengruen.de\\\/wp\\\/#organization\"},\"image\":{\"@id\":\"https:\\\/\\\/www.kistengruen.de\\\/wp\\\/2016\\\/11\\\/physalis-diebe\\\/#primaryimage\"},\"thumbnailUrl\":\"https:\\\/\\\/www.kistengruen.de\\\/wp\\\/wp-content\\\/uploads\\\/2016\\\/10\\\/Physalis_Frucht_angepickt_ckistengruen.jpg\",\"keywords\":[\"Physalis\"],\"articleSection\":[\"V\u00f6gel\"],\"inLanguage\":\"de\",\"potentialAction\":[{\"@type\":\"CommentAction\",\"name\":\"Comment\",\"target\":[\"https:\\\/\\\/www.kistengruen.de\\\/wp\\\/2016\\\/11\\\/physalis-diebe\\\/#respond\"]}]},{\"@type\":\"WebPage\",\"@id\":\"https:\\\/\\\/www.kistengruen.de\\\/wp\\\/2016\\\/11\\\/physalis-diebe\\\/\",\"url\":\"https:\\\/\\\/www.kistengruen.de\\\/wp\\\/2016\\\/11\\\/physalis-diebe\\\/\",\"name\":\"Angepickt und abgehauen: Physalis-Diebe auf dem Balkon\",\"isPartOf\":{\"@id\":\"https:\\\/\\\/www.kistengruen.de\\\/wp\\\/#website\"},\"primaryImageOfPage\":{\"@id\":\"https:\\\/\\\/www.kistengruen.de\\\/wp\\\/2016\\\/11\\\/physalis-diebe\\\/#primaryimage\"},\"image\":{\"@id\":\"https:\\\/\\\/www.kistengruen.de\\\/wp\\\/2016\\\/11\\\/physalis-diebe\\\/#primaryimage\"},\"thumbnailUrl\":\"https:\\\/\\\/www.kistengruen.de\\\/wp\\\/wp-content\\\/uploads\\\/2016\\\/10\\\/Physalis_Frucht_angepickt_ckistengruen.jpg\",\"datePublished\":\"2016-11-04T14:45:58+00:00\",\"dateModified\":\"2025-03-03T12:46:56+00:00\",\"description\":\"Auf meinem Balkon treiben derzeit spitzschnabelige R\u00e4uber ihr Unwesen. Sie haben es auf die s\u00fc\u00dfen, leckeren Andenbeeren abgesehen. Unversch\u00e4mtheit!\",\"breadcrumb\":{\"@id\":\"https:\\\/\\\/www.kistengruen.de\\\/wp\\\/2016\\\/11\\\/physalis-diebe\\\/#breadcrumb\"},\"inLanguage\":\"de\",\"potentialAction\":[{\"@type\":\"ReadAction\",\"target\":[\"https:\\\/\\\/www.kistengruen.de\\\/wp\\\/2016\\\/11\\\/physalis-diebe\\\/\"]}]},{\"@type\":\"ImageObject\",\"inLanguage\":\"de\",\"@id\":\"https:\\\/\\\/www.kistengruen.de\\\/wp\\\/2016\\\/11\\\/physalis-diebe\\\/#primaryimage\",\"url\":\"https:\\\/\\\/www.kistengruen.de\\\/wp\\\/wp-content\\\/uploads\\\/2016\\\/10\\\/Physalis_Frucht_angepickt_ckistengruen.jpg\",\"contentUrl\":\"https:\\\/\\\/www.kistengruen.de\\\/wp\\\/wp-content\\\/uploads\\\/2016\\\/10\\\/Physalis_Frucht_angepickt_ckistengruen.jpg\",\"width\":1018,\"height\":764},{\"@type\":\"BreadcrumbList\",\"@id\":\"https:\\\/\\\/www.kistengruen.de\\\/wp\\\/2016\\\/11\\\/physalis-diebe\\\/#breadcrumb\",\"itemListElement\":[{\"@type\":\"ListItem\",\"position\":1,\"name\":\"Home\",\"item\":\"https:\\\/\\\/www.kistengruen.de\\\/wp\\\/\"},{\"@type\":\"ListItem\",\"position\":2,\"name\":\"Angepickt und abgehauen: Physalis-Diebe auf dem Balkon\"}]},{\"@type\":\"WebSite\",\"@id\":\"https:\\\/\\\/www.kistengruen.de\\\/wp\\\/#website\",\"url\":\"https:\\\/\\\/www.kistengruen.de\\\/wp\\\/\",\"name\":\"Kistengr\u00fcn\",\"description\":\"Mein nachhaltiger Balkon-Garten\",\"publisher\":{\"@id\":\"https:\\\/\\\/www.kistengruen.de\\\/wp\\\/#organization\"},\"potentialAction\":[{\"@type\":\"SearchAction\",\"target\":{\"@type\":\"EntryPoint\",\"urlTemplate\":\"https:\\\/\\\/www.kistengruen.de\\\/wp\\\/?s={search_term_string}\"},\"query-input\":{\"@type\":\"PropertyValueSpecification\",\"valueRequired\":true,\"valueName\":\"search_term_string\"}}],\"inLanguage\":\"de\"},{\"@type\":\"Organization\",\"@id\":\"https:\\\/\\\/www.kistengruen.de\\\/wp\\\/#organization\",\"name\":\"Kistengr\u00fcn\",\"url\":\"https:\\\/\\\/www.kistengruen.de\\\/wp\\\/\",\"logo\":{\"@type\":\"ImageObject\",\"inLanguage\":\"de\",\"@id\":\"https:\\\/\\\/www.kistengruen.de\\\/wp\\\/#\\\/schema\\\/logo\\\/image\\\/\",\"url\":\"https:\\\/\\\/www.kistengruen.de\\\/wp\\\/wp-content\\\/uploads\\\/2018\\\/12\\\/Kistengruen-banner.png\",\"contentUrl\":\"https:\\\/\\\/www.kistengruen.de\\\/wp\\\/wp-content\\\/uploads\\\/2018\\\/12\\\/Kistengruen-banner.png\",\"width\":1018,\"height\":250,\"caption\":\"Kistengr\u00fcn\"},\"image\":{\"@id\":\"https:\\\/\\\/www.kistengruen.de\\\/wp\\\/#\\\/schema\\\/logo\\\/image\\\/\"},\"sameAs\":[\"https:\\\/\\\/www.facebook.com\\\/kistengruen\\\/\",\"https:\\\/\\\/x.com\\\/kistengruen\",\"https:\\\/\\\/www.instagram.com\\\/kistengruen\\\/\",\"https:\\\/\\\/de.pinterest.com\\\/kistengruen\\\/\"]},{\"@type\":\"Person\",\"@id\":\"https:\\\/\\\/www.kistengruen.de\\\/wp\\\/#\\\/schema\\\/person\\\/995d3ab5616552deb8812d6b8d79895a\",\"name\":\"Mel\",\"image\":{\"@type\":\"ImageObject\",\"inLanguage\":\"de\",\"@id\":\"https:\\\/\\\/www.kistengruen.de\\\/wp\\\/wp-content\\\/uploads\\\/2018\\\/12\\\/Melanie-Oehlenbach-Journalistin-Balkon-Garten-Bloggerin-Redakteurin-1-150x150.jpg\",\"url\":\"https:\\\/\\\/www.kistengruen.de\\\/wp\\\/wp-content\\\/uploads\\\/2018\\\/12\\\/Melanie-Oehlenbach-Journalistin-Balkon-Garten-Bloggerin-Redakteurin-1-150x150.jpg\",\"contentUrl\":\"https:\\\/\\\/www.kistengruen.de\\\/wp\\\/wp-content\\\/uploads\\\/2018\\\/12\\\/Melanie-Oehlenbach-Journalistin-Balkon-Garten-Bloggerin-Redakteurin-1-150x150.jpg\",\"caption\":\"Mel\"},\"description\":\"Mel arbeitet als freiberufliche Journalistin und hat ein Herz f\u00fcr gr\u00fcne Themen. Auf Kistengr\u00fcn zeigt dir die begeisterte Balkon- und Kleing\u00e4rtnerin, wie du dir auch auf kleinem Raum ein gr\u00fcnes Paradies schaffst.\",\"sameAs\":[\"https:\\\/\\\/www.kistengruen.de\",\"https:\\\/\\\/www.facebook.com\\\/kistengruen\",\"https:\\\/\\\/www.instagram.com\\\/kistengruen\",\"https:\\\/\\\/www.pinterest.com\\\/kistengruen\",\"https:\\\/\\\/x.com\\\/kistengruen\"]}]}<\/script>\n<!-- \/ Yoast SEO plugin. -->","yoast_head_json":{"title":"Angepickt und abgehauen: Physalis-Diebe auf dem Balkon","description":"Auf meinem Balkon treiben derzeit spitzschnabelige R\u00e4uber ihr Unwesen. Sie haben es auf die s\u00fc\u00dfen, leckeren Andenbeeren abgesehen. Unversch\u00e4mtheit!","robots":{"index":"index","follow":"nofollow","max-snippet":"max-snippet:-1","max-image-preview":"max-image-preview:large","max-video-preview":"max-video-preview:-1"},"canonical":"https:\/\/www.kistengruen.de\/wp\/2016\/11\/physalis-diebe\/","og_locale":"de_DE","og_type":"article","og_title":"Angepickt und abgehauen: Physalis-Diebe auf dem Balkon","og_description":"Auf meinem Balkon treiben derzeit spitzschnabelige R\u00e4uber ihr Unwesen. Sie haben es auf die s\u00fc\u00dfen, leckeren Andenbeeren abgesehen. Unversch\u00e4mtheit!","og_url":"https:\/\/www.kistengruen.de\/wp\/2016\/11\/physalis-diebe\/","og_site_name":"Kistengr\u00fcn","article_publisher":"https:\/\/www.facebook.com\/kistengruen\/","article_author":"https:\/\/www.facebook.com\/kistengruen","article_published_time":"2016-11-04T14:45:58+00:00","article_modified_time":"2025-03-03T12:46:56+00:00","og_image":[{"width":1018,"height":764,"url":"https:\/\/www.kistengruen.de\/wp\/wp-content\/uploads\/2016\/10\/Physalis_Frucht_angepickt_ckistengruen.jpg","type":"image\/jpeg"}],"author":"Mel","twitter_card":"summary_large_image","twitter_creator":"@kistengruen","twitter_site":"@kistengruen","twitter_misc":{"Verfasst von":"Mel","Gesch\u00e4tzte Lesezeit":"3\u00a0Minuten"},"schema":{"@context":"https:\/\/schema.org","@graph":[{"@type":"Article","@id":"https:\/\/www.kistengruen.de\/wp\/2016\/11\/physalis-diebe\/#article","isPartOf":{"@id":"https:\/\/www.kistengruen.de\/wp\/2016\/11\/physalis-diebe\/"},"author":{"name":"Mel","@id":"https:\/\/www.kistengruen.de\/wp\/#\/schema\/person\/995d3ab5616552deb8812d6b8d79895a"},"headline":"Angepickt und abgehauen: Physalis-Diebe auf dem Balkon","datePublished":"2016-11-04T14:45:58+00:00","dateModified":"2025-03-03T12:46:56+00:00","mainEntityOfPage":{"@id":"https:\/\/www.kistengruen.de\/wp\/2016\/11\/physalis-diebe\/"},"wordCount":533,"commentCount":1,"publisher":{"@id":"https:\/\/www.kistengruen.de\/wp\/#organization"},"image":{"@id":"https:\/\/www.kistengruen.de\/wp\/2016\/11\/physalis-diebe\/#primaryimage"},"thumbnailUrl":"https:\/\/www.kistengruen.de\/wp\/wp-content\/uploads\/2016\/10\/Physalis_Frucht_angepickt_ckistengruen.jpg","keywords":["Physalis"],"articleSection":["V\u00f6gel"],"inLanguage":"de","potentialAction":[{"@type":"CommentAction","name":"Comment","target":["https:\/\/www.kistengruen.de\/wp\/2016\/11\/physalis-diebe\/#respond"]}]},{"@type":"WebPage","@id":"https:\/\/www.kistengruen.de\/wp\/2016\/11\/physalis-diebe\/","url":"https:\/\/www.kistengruen.de\/wp\/2016\/11\/physalis-diebe\/","name":"Angepickt und abgehauen: Physalis-Diebe auf dem Balkon","isPartOf":{"@id":"https:\/\/www.kistengruen.de\/wp\/#website"},"primaryImageOfPage":{"@id":"https:\/\/www.kistengruen.de\/wp\/2016\/11\/physalis-diebe\/#primaryimage"},"image":{"@id":"https:\/\/www.kistengruen.de\/wp\/2016\/11\/physalis-diebe\/#primaryimage"},"thumbnailUrl":"https:\/\/www.kistengruen.de\/wp\/wp-content\/uploads\/2016\/10\/Physalis_Frucht_angepickt_ckistengruen.jpg","datePublished":"2016-11-04T14:45:58+00:00","dateModified":"2025-03-03T12:46:56+00:00","description":"Auf meinem Balkon treiben derzeit spitzschnabelige R\u00e4uber ihr Unwesen. Sie haben es auf die s\u00fc\u00dfen, leckeren Andenbeeren abgesehen. Unversch\u00e4mtheit!","breadcrumb":{"@id":"https:\/\/www.kistengruen.de\/wp\/2016\/11\/physalis-diebe\/#breadcrumb"},"inLanguage":"de","potentialAction":[{"@type":"ReadAction","target":["https:\/\/www.kistengruen.de\/wp\/2016\/11\/physalis-diebe\/"]}]},{"@type":"ImageObject","inLanguage":"de","@id":"https:\/\/www.kistengruen.de\/wp\/2016\/11\/physalis-diebe\/#primaryimage","url":"https:\/\/www.kistengruen.de\/wp\/wp-content\/uploads\/2016\/10\/Physalis_Frucht_angepickt_ckistengruen.jpg","contentUrl":"https:\/\/www.kistengruen.de\/wp\/wp-content\/uploads\/2016\/10\/Physalis_Frucht_angepickt_ckistengruen.jpg","width":1018,"height":764},{"@type":"BreadcrumbList","@id":"https:\/\/www.kistengruen.de\/wp\/2016\/11\/physalis-diebe\/#breadcrumb","itemListElement":[{"@type":"ListItem","position":1,"name":"Home","item":"https:\/\/www.kistengruen.de\/wp\/"},{"@type":"ListItem","position":2,"name":"Angepickt und abgehauen: Physalis-Diebe auf dem Balkon"}]},{"@type":"WebSite","@id":"https:\/\/www.kistengruen.de\/wp\/#website","url":"https:\/\/www.kistengruen.de\/wp\/","name":"Kistengr\u00fcn","description":"Mein nachhaltiger Balkon-Garten","publisher":{"@id":"https:\/\/www.kistengruen.de\/wp\/#organization"},"potentialAction":[{"@type":"SearchAction","target":{"@type":"EntryPoint","urlTemplate":"https:\/\/www.kistengruen.de\/wp\/?s={search_term_string}"},"query-input":{"@type":"PropertyValueSpecification","valueRequired":true,"valueName":"search_term_string"}}],"inLanguage":"de"},{"@type":"Organization","@id":"https:\/\/www.kistengruen.de\/wp\/#organization","name":"Kistengr\u00fcn","url":"https:\/\/www.kistengruen.de\/wp\/","logo":{"@type":"ImageObject","inLanguage":"de","@id":"https:\/\/www.kistengruen.de\/wp\/#\/schema\/logo\/image\/","url":"https:\/\/www.kistengruen.de\/wp\/wp-content\/uploads\/2018\/12\/Kistengruen-banner.png","contentUrl":"https:\/\/www.kistengruen.de\/wp\/wp-content\/uploads\/2018\/12\/Kistengruen-banner.png","width":1018,"height":250,"caption":"Kistengr\u00fcn"},"image":{"@id":"https:\/\/www.kistengruen.de\/wp\/#\/schema\/logo\/image\/"},"sameAs":["https:\/\/www.facebook.com\/kistengruen\/","https:\/\/x.com\/kistengruen","https:\/\/www.instagram.com\/kistengruen\/","https:\/\/de.pinterest.com\/kistengruen\/"]},{"@type":"Person","@id":"https:\/\/www.kistengruen.de\/wp\/#\/schema\/person\/995d3ab5616552deb8812d6b8d79895a","name":"Mel","image":{"@type":"ImageObject","inLanguage":"de","@id":"https:\/\/www.kistengruen.de\/wp\/wp-content\/uploads\/2018\/12\/Melanie-Oehlenbach-Journalistin-Balkon-Garten-Bloggerin-Redakteurin-1-150x150.jpg","url":"https:\/\/www.kistengruen.de\/wp\/wp-content\/uploads\/2018\/12\/Melanie-Oehlenbach-Journalistin-Balkon-Garten-Bloggerin-Redakteurin-1-150x150.jpg","contentUrl":"https:\/\/www.kistengruen.de\/wp\/wp-content\/uploads\/2018\/12\/Melanie-Oehlenbach-Journalistin-Balkon-Garten-Bloggerin-Redakteurin-1-150x150.jpg","caption":"Mel"},"description":"Mel arbeitet als freiberufliche Journalistin und hat ein Herz f\u00fcr gr\u00fcne Themen. Auf Kistengr\u00fcn zeigt dir die begeisterte Balkon- und Kleing\u00e4rtnerin, wie du dir auch auf kleinem Raum ein gr\u00fcnes Paradies schaffst.","sameAs":["https:\/\/www.kistengruen.de","https:\/\/www.facebook.com\/kistengruen","https:\/\/www.instagram.com\/kistengruen","https:\/\/www.pinterest.com\/kistengruen","https:\/\/x.com\/kistengruen"]}]}},"_links":{"self":[{"href":"https:\/\/www.kistengruen.de\/wp\/wp-json\/wp\/v2\/posts\/3602","targetHints":{"allow":["GET"]}}],"collection":[{"href":"https:\/\/www.kistengruen.de\/wp\/wp-json\/wp\/v2\/posts"}],"about":[{"href":"https:\/\/www.kistengruen.de\/wp\/wp-json\/wp\/v2\/types\/post"}],"author":[{"embeddable":true,"href":"https:\/\/www.kistengruen.de\/wp\/wp-json\/wp\/v2\/users\/1"}],"replies":[{"embeddable":true,"href":"https:\/\/www.kistengruen.de\/wp\/wp-json\/wp\/v2\/comments?post=3602"}],"version-history":[{"count":6,"href":"https:\/\/www.kistengruen.de\/wp\/wp-json\/wp\/v2\/posts\/3602\/revisions"}],"predecessor-version":[{"id":9457,"href":"https:\/\/www.kistengruen.de\/wp\/wp-json\/wp\/v2\/posts\/3602\/revisions\/9457"}],"wp:featuredmedia":[{"embeddable":true,"href":"https:\/\/www.kistengruen.de\/wp\/wp-json\/wp\/v2\/media\/3610"}],"wp:attachment":[{"href":"https:\/\/www.kistengruen.de\/wp\/wp-json\/wp\/v2\/media?parent=3602"}],"wp:term":[{"taxonomy":"category","embeddable":true,"href":"https:\/\/www.kistengruen.de\/wp\/wp-json\/wp\/v2\/categories?post=3602"},{"taxonomy":"post_tag","embeddable":true,"href":"https:\/\/www.kistengruen.de\/wp\/wp-json\/wp\/v2\/tags?post=3602"}],"curies":[{"name":"wp","href":"https:\/\/api.w.org\/{rel}","templated":true}]}}